{"id":89,"date":"2013-08-15T09:53:46","date_gmt":"2013-08-15T07:53:46","guid":{"rendered":"http:\/\/www.centroculturalegiorgioambrosoli.org\/?p=89"},"modified":"2025-11-29T05:42:12","modified_gmt":"2025-11-29T04:42:12","slug":"giorgio-ambrosoli-ucciso-per-aver-fatto-politica-in-nome-dello-stato","status":"publish","type":"post","link":"https:\/\/www.centroculturalegiorgioambrosoli.org\/?p=89","title":{"rendered":"Giorgio Ambrosoli, ucciso per aver fatto \u00abpolitica in nome dello Stato\u00bb"},"content":{"rendered":"<p>Sono passati trentaquattro anni da quell&#8217;11 luglio del 1979. Quella sera <b>Giorgio Ambrosoli <\/b>aveva invitato alcuni amici a casa sua per assistere in compagnia all&#8217;incontro di boxe tra Lorenzo Zanon e Alfio Righetti per il Campionato europeo dei pesi massimi. Dopo avere cenato in un ristorante poco lontano, si piazzano davanti al televisore. Squilla il telefono, Ambrosoli risponde ma dall&#8217;altra parte c&#8217;\u00e8 il silenzio. Per lui non era una novit\u00e0: aveva gi\u00e0 ricevuto minacce di morte e, in qualche modo, aveva imparato a conviverci. <!--more--><br \/>\nL&#8217;incontro di boxe si conclude. Ambrosoli accompagna a casa con la sua auto tre dei cinque amici che avevano passato la sera con lui. Torna e parcheggia. Mentre sta chiudendo la serratura della portiera una Fiat 127 rossa si accosta. Una voce domanda: &#8220;Avvocato Ambrosoli?&#8221;. La risposta non poteva essere che &#8220;s\u00ec&#8221;. Un uomo sceso dall&#8217;auto gli dice: &#8220;Mi scusi avvocato Ambrosoli&#8221;. E&#8217; William Aric\u00f2, il killer ingaggiato dal finanziere Michele Sindona per eliminare Ambrosoli. Che spara quattro colpi. Ambrosoli muore poco dopo sull&#8217;ambulanza, verso mezzanotte.<br \/>\nEra stato nominato commissario della <b>Banca privata italiana<\/b>, cuore dell&#8217;impero di <b>Sindona<\/b>, nel 1974, dal governatore della Banca d&#8217;Italia <b>Guido Carli<\/b>. Era un professionista milanese, non molto in vista, e aveva gi\u00e0 gestito la liquidazione della Sfi, una finanziaria vicina a Giuseppe Pella, un pezzo grosso della Dc.<br \/>\nCresciuto in un ambiente conservatore, aveva militato nell&#8217;Unione monarchica e nella Giovent\u00f9 liberale. Chiamato a dipanare la matassa del crack Sindona, non fece sconti a nessuno. Il finanziere siciliano era protetto da Giulio <b>Andreotti <\/b>e dalla sua corrente Dc, aveva stretti legami con il Vaticano dove, all&#8217;epoca, imperversava Paul Marcinkus con il suo IOR, con la mafia, con la massoneria pi\u00f9 torbida, quella P2 di Licio Gelli che fu scoperta solo parecchi anni dopo. Ma Ambrosoli non si fece mai intimidire e complet\u00f2 il suo lavoro nonostante gli avvertimenti e le minacce. Era &#8220;un eroe borghese&#8221;, come lo defin\u00ec Corrado <b>Stajano <\/b>in un bel libro (Einaudi) del 1991, che il 25 febbraio del 1975, dopo aver completato la ricostruzione dello stato passivo della Banca privata, scrisse alla moglie: &#8220;A quarant&#8217;anni, di colpo, ho fatto politica e in nome dello Stato e non per un partito&#8221;. Lo racconta il figlio Umberto in un libro uscito da poco &#8220;<i>Qualunque cosa succeda<\/i>&#8221; (Sironi).<br \/>\nGi\u00e0, perch\u00e9 la politica \u00e8 anche coscienza civile, rispetto del diritto, difesa della libert\u00e0, lotta agli abusi. Quelli che erano i suoi valori. Ambrosoli non rinunci\u00f2 a difenderli dal pericoloso intreccio di affari e politica che si era formato nel nome di Sindona e per questo pag\u00f2 con la vita. (di Orazio Carabini da Sole 24 ore)<\/p>\n","protected":false},"excerpt":{"rendered":"<div class=\"mh-excerpt\"><p>Sono passati trentaquattro anni da quell&#8217;11 luglio del 1979. Quella sera Giorgio Ambrosoli aveva invitato alcuni amici a casa sua per assistere in compagnia all&#8217;incontro <a class=\"mh-excerpt-more\" href=\"https:\/\/www.centroculturalegiorgioambrosoli.org\/?p=89\" title=\"Giorgio Ambrosoli, ucciso per aver fatto \u00abpolitica in nome dello Stato\u00bb\">[&#8230;]<\/a><\/p>\n<\/div>","protected":false},"author":3,"featured_media":90,"comment_status":"open","ping_status":"open","sticky":false,"template":"","format":"standard","meta":{"spay_email":"","jetpack_publicize_message":"","jetpack_is_tweetstorm":false,"jetpack_publicize_feature_enabled":true},"categories":[4],"tags":[],"yoast_head":"<!-- This site is optimized with the Yoast SEO plugin v19.10 - https:\/\/yoast.com\/wordpress\/plugins\/seo\/ -->\n<title>Giorgio Ambrosoli, ucciso per aver fatto \u00abpolitica in nome dello Stato\u00bb | Centro Culturale Giorgio Ambrosoli<\/title>\n<meta name=\"robots\" content=\"index, follow, max-snippet:-1, max-image-preview:large, max-video-preview:-1\" \/>\n<link rel=\"canonical\" href=\"https:\/\/www.centroculturalegiorgioambrosoli.org\/?p=89\" \/>\n<meta property=\"og:locale\" content=\"it_IT\" \/>\n<meta property=\"og:type\" content=\"article\" \/>\n<meta property=\"og:title\" content=\"Giorgio Ambrosoli, ucciso per aver fatto \u00abpolitica in nome dello Stato\u00bb | Centro Culturale Giorgio Ambrosoli\" \/>\n<meta property=\"og:description\" content=\"Sono passati trentaquattro anni da quell&#8217;11 luglio del 1979. Quella sera Giorgio Ambrosoli aveva invitato alcuni amici a casa sua per assistere in compagnia all&#8217;incontro [...]\" \/>\n<meta property=\"og:url\" content=\"https:\/\/www.centroculturalegiorgioambrosoli.org\/?p=89\" \/>\n<meta property=\"og:site_name\" content=\"Centro Culturale Giorgio Ambrosoli\" \/>\n<meta property=\"article:publisher\" content=\"https:\/\/www.facebook.com\/CentroCulturaleGiorgioAmbrosoli\" \/>\n<meta property=\"article:published_time\" content=\"2013-08-15T07:53:46+00:00\" \/>\n<meta property=\"article:modified_time\" content=\"2025-11-29T04:42:12+00:00\" \/>\n<meta property=\"og:image\" content=\"https:\/\/www.centroculturalegiorgioambrosoli.org\/wordpress\/wp-content\/uploads\/2013\/08\/ambrosoli.jpg\" \/>\n\t<meta property=\"og:image:width\" content=\"211\" \/>\n\t<meta property=\"og:image:height\" content=\"152\" \/>\n\t<meta property=\"og:image:type\" content=\"image\/jpeg\" \/>\n<meta name=\"author\" content=\"Ufficio Stampa\" \/>\n<meta name=\"twitter:card\" content=\"summary_large_image\" \/>\n<meta name=\"twitter:label1\" content=\"Scritto da\" \/>\n\t<meta name=\"twitter:data1\" content=\"Ufficio Stampa\" \/>\n\t<meta name=\"twitter:label2\" content=\"Tempo di lettura stimato\" \/>\n\t<meta name=\"twitter:data2\" content=\"3 minuti\" \/>\n<script type=\"application\/ld+json\" class=\"yoast-schema-graph\">{\"@context\":\"https:\/\/schema.org\",\"@graph\":[{\"@type\":\"Article\",\"@id\":\"https:\/\/www.centroculturalegiorgioambrosoli.org\/?p=89#article\",\"isPartOf\":{\"@id\":\"https:\/\/www.centroculturalegiorgioambrosoli.org\/?p=89\"},\"author\":{\"name\":\"Ufficio Stampa\",\"@id\":\"https:\/\/www.centroculturalegiorgioambrosoli.org\/#\/schema\/person\/9062401ed76b21e6ede37570bfb412e0\"},\"headline\":\"Giorgio Ambrosoli, ucciso per aver fatto \u00abpolitica in nome dello Stato\u00bb\",\"datePublished\":\"2013-08-15T07:53:46+00:00\",\"dateModified\":\"2025-11-29T04:42:12+00:00\",\"mainEntityOfPage\":{\"@id\":\"https:\/\/www.centroculturalegiorgioambrosoli.org\/?p=89\"},\"wordCount\":448,\"commentCount\":0,\"publisher\":{\"@id\":\"https:\/\/www.centroculturalegiorgioambrosoli.org\/#organization\"},\"articleSection\":[\"Articoli\"],\"inLanguage\":\"it-IT\",\"potentialAction\":[{\"@type\":\"CommentAction\",\"name\":\"Comment\",\"target\":[\"https:\/\/www.centroculturalegiorgioambrosoli.org\/?p=89#respond\"]}]},{\"@type\":\"WebPage\",\"@id\":\"https:\/\/www.centroculturalegiorgioambrosoli.org\/?p=89\",\"url\":\"https:\/\/www.centroculturalegiorgioambrosoli.org\/?p=89\",\"name\":\"Giorgio Ambrosoli, ucciso per aver fatto \u00abpolitica in nome dello Stato\u00bb | Centro Culturale Giorgio Ambrosoli\",\"isPartOf\":{\"@id\":\"https:\/\/www.centroculturalegiorgioambrosoli.org\/#website\"},\"datePublished\":\"2013-08-15T07:53:46+00:00\",\"dateModified\":\"2025-11-29T04:42:12+00:00\",\"breadcrumb\":{\"@id\":\"https:\/\/www.centroculturalegiorgioambrosoli.org\/?p=89#breadcrumb\"},\"inLanguage\":\"it-IT\",\"potentialAction\":[{\"@type\":\"ReadAction\",\"target\":[\"https:\/\/www.centroculturalegiorgioambrosoli.org\/?p=89\"]}]},{\"@type\":\"BreadcrumbList\",\"@id\":\"https:\/\/www.centroculturalegiorgioambrosoli.org\/?p=89#breadcrumb\",\"itemListElement\":[{\"@type\":\"ListItem\",\"position\":1,\"name\":\"Home\",\"item\":\"https:\/\/www.centroculturalegiorgioambrosoli.org\/\"},{\"@type\":\"ListItem\",\"position\":2,\"name\":\"Giorgio Ambrosoli, ucciso per aver fatto \u00abpolitica in nome dello Stato\u00bb\"}]},{\"@type\":\"WebSite\",\"@id\":\"https:\/\/www.centroculturalegiorgioambrosoli.org\/#website\",\"url\":\"https:\/\/www.centroculturalegiorgioambrosoli.org\/\",\"name\":\"Centro Culturale Giorgio Ambrosoli Basiglio\",\"description\":\"&quot;In testa alle priorit\u00e0 io ne metto una irrinunciabile: l&#039;onest\u00e0 &quot; G. Ambrosoli\",\"publisher\":{\"@id\":\"https:\/\/www.centroculturalegiorgioambrosoli.org\/#organization\"},\"alternateName\":\"Centro Culturale Giorgio Ambrosoli\",\"potentialAction\":[{\"@type\":\"SearchAction\",\"target\":{\"@type\":\"EntryPoint\",\"urlTemplate\":\"https:\/\/www.centroculturalegiorgioambrosoli.org\/?s={search_term_string}\"},\"query-input\":\"required name=search_term_string\"}],\"inLanguage\":\"it-IT\"},{\"@type\":\"Organization\",\"@id\":\"https:\/\/www.centroculturalegiorgioambrosoli.org\/#organization\",\"name\":\"Centro Culturale Giorgio Ambrosoli Basiglio\",\"url\":\"https:\/\/www.centroculturalegiorgioambrosoli.org\/\",\"logo\":{\"@type\":\"ImageObject\",\"inLanguage\":\"it-IT\",\"@id\":\"https:\/\/www.centroculturalegiorgioambrosoli.org\/#\/schema\/logo\/image\/\",\"url\":\"https:\/\/www.centroculturalegiorgioambrosoli.org\/wordpress\/wp-content\/uploads\/2022\/07\/Logo-con-parole-mod-R-e1664055942867.png\",\"contentUrl\":\"https:\/\/www.centroculturalegiorgioambrosoli.org\/wordpress\/wp-content\/uploads\/2022\/07\/Logo-con-parole-mod-R-e1664055942867.png\",\"width\":300,\"height\":309,\"caption\":\"Centro Culturale Giorgio Ambrosoli Basiglio\"},\"image\":{\"@id\":\"https:\/\/www.centroculturalegiorgioambrosoli.org\/#\/schema\/logo\/image\/\"},\"sameAs\":[\"https:\/\/www.facebook.com\/CentroCulturaleGiorgioAmbrosoli\"]},{\"@type\":\"Person\",\"@id\":\"https:\/\/www.centroculturalegiorgioambrosoli.org\/#\/schema\/person\/9062401ed76b21e6ede37570bfb412e0\",\"name\":\"Ufficio Stampa\",\"image\":{\"@type\":\"ImageObject\",\"inLanguage\":\"it-IT\",\"@id\":\"https:\/\/www.centroculturalegiorgioambrosoli.org\/#\/schema\/person\/image\/\",\"url\":\"https:\/\/secure.gravatar.com\/avatar\/f23ad2b42b8c2515f73b909a276b4f95?s=96&d=mm&r=g\",\"contentUrl\":\"https:\/\/secure.gravatar.com\/avatar\/f23ad2b42b8c2515f73b909a276b4f95?s=96&d=mm&r=g\",\"caption\":\"Ufficio Stampa\"},\"sameAs\":[\"http:\/\/www.centroculturalegiorgioambrosoli.org\"],\"url\":\"https:\/\/www.centroculturalegiorgioambrosoli.org\/?author=3\"}]}<\/script>\n<!-- \/ Yoast SEO plugin. -->","yoast_head_json":{"title":"Giorgio Ambrosoli, ucciso per aver fatto \u00abpolitica in nome dello Stato\u00bb | Centro Culturale Giorgio Ambrosoli","robots":{"index":"index","follow":"follow","max-snippet":"max-snippet:-1","max-image-preview":"max-image-preview:large","max-video-preview":"max-video-preview:-1"},"canonical":"https:\/\/www.centroculturalegiorgioambrosoli.org\/?p=89","og_locale":"it_IT","og_type":"article","og_title":"Giorgio Ambrosoli, ucciso per aver fatto \u00abpolitica in nome dello Stato\u00bb | Centro Culturale Giorgio Ambrosoli","og_description":"Sono passati trentaquattro anni da quell&#8217;11 luglio del 1979. Quella sera Giorgio Ambrosoli aveva invitato alcuni amici a casa sua per assistere in compagnia all&#8217;incontro [...]","og_url":"https:\/\/www.centroculturalegiorgioambrosoli.org\/?p=89","og_site_name":"Centro Culturale Giorgio Ambrosoli","article_publisher":"https:\/\/www.facebook.com\/CentroCulturaleGiorgioAmbrosoli","article_published_time":"2013-08-15T07:53:46+00:00","article_modified_time":"2025-11-29T04:42:12+00:00","og_image":[{"width":211,"height":152,"url":"https:\/\/www.centroculturalegiorgioambrosoli.org\/wordpress\/wp-content\/uploads\/2013\/08\/ambrosoli.jpg","type":"image\/jpeg"}],"author":"Ufficio Stampa","twitter_card":"summary_large_image","twitter_misc":{"Scritto da":"Ufficio Stampa","Tempo di lettura stimato":"3 minuti"},"schema":{"@context":"https:\/\/schema.org","@graph":[{"@type":"Article","@id":"https:\/\/www.centroculturalegiorgioambrosoli.org\/?p=89#article","isPartOf":{"@id":"https:\/\/www.centroculturalegiorgioambrosoli.org\/?p=89"},"author":{"name":"Ufficio Stampa","@id":"https:\/\/www.centroculturalegiorgioambrosoli.org\/#\/schema\/person\/9062401ed76b21e6ede37570bfb412e0"},"headline":"Giorgio Ambrosoli, ucciso per aver fatto \u00abpolitica in nome dello Stato\u00bb","datePublished":"2013-08-15T07:53:46+00:00","dateModified":"2025-11-29T04:42:12+00:00","mainEntityOfPage":{"@id":"https:\/\/www.centroculturalegiorgioambrosoli.org\/?p=89"},"wordCount":448,"commentCount":0,"publisher":{"@id":"https:\/\/www.centroculturalegiorgioambrosoli.org\/#organization"},"articleSection":["Articoli"],"inLanguage":"it-IT","potentialAction":[{"@type":"CommentAction","name":"Comment","target":["https:\/\/www.centroculturalegiorgioambrosoli.org\/?p=89#respond"]}]},{"@type":"WebPage","@id":"https:\/\/www.centroculturalegiorgioambrosoli.org\/?p=89","url":"https:\/\/www.centroculturalegiorgioambrosoli.org\/?p=89","name":"Giorgio Ambrosoli, ucciso per aver fatto \u00abpolitica in nome dello Stato\u00bb | Centro Culturale Giorgio Ambrosoli","isPartOf":{"@id":"https:\/\/www.centroculturalegiorgioambrosoli.org\/#website"},"datePublished":"2013-08-15T07:53:46+00:00","dateModified":"2025-11-29T04:42:12+00:00","breadcrumb":{"@id":"https:\/\/www.centroculturalegiorgioambrosoli.org\/?p=89#breadcrumb"},"inLanguage":"it-IT","potentialAction":[{"@type":"ReadAction","target":["https:\/\/www.centroculturalegiorgioambrosoli.org\/?p=89"]}]},{"@type":"BreadcrumbList","@id":"https:\/\/www.centroculturalegiorgioambrosoli.org\/?p=89#breadcrumb","itemListElement":[{"@type":"ListItem","position":1,"name":"Home","item":"https:\/\/www.centroculturalegiorgioambrosoli.org\/"},{"@type":"ListItem","position":2,"name":"Giorgio Ambrosoli, ucciso per aver fatto \u00abpolitica in nome dello Stato\u00bb"}]},{"@type":"WebSite","@id":"https:\/\/www.centroculturalegiorgioambrosoli.org\/#website","url":"https:\/\/www.centroculturalegiorgioambrosoli.org\/","name":"Centro Culturale Giorgio Ambrosoli Basiglio","description":"&quot;In testa alle priorit\u00e0 io ne metto una irrinunciabile: l&#039;onest\u00e0 &quot; G. Ambrosoli","publisher":{"@id":"https:\/\/www.centroculturalegiorgioambrosoli.org\/#organization"},"alternateName":"Centro Culturale Giorgio Ambrosoli","potentialAction":[{"@type":"SearchAction","target":{"@type":"EntryPoint","urlTemplate":"https:\/\/www.centroculturalegiorgioambrosoli.org\/?s={search_term_string}"},"query-input":"required name=search_term_string"}],"inLanguage":"it-IT"},{"@type":"Organization","@id":"https:\/\/www.centroculturalegiorgioambrosoli.org\/#organization","name":"Centro Culturale Giorgio Ambrosoli Basiglio","url":"https:\/\/www.centroculturalegiorgioambrosoli.org\/","logo":{"@type":"ImageObject","inLanguage":"it-IT","@id":"https:\/\/www.centroculturalegiorgioambrosoli.org\/#\/schema\/logo\/image\/","url":"https:\/\/www.centroculturalegiorgioambrosoli.org\/wordpress\/wp-content\/uploads\/2022\/07\/Logo-con-parole-mod-R-e1664055942867.png","contentUrl":"https:\/\/www.centroculturalegiorgioambrosoli.org\/wordpress\/wp-content\/uploads\/2022\/07\/Logo-con-parole-mod-R-e1664055942867.png","width":300,"height":309,"caption":"Centro Culturale Giorgio Ambrosoli Basiglio"},"image":{"@id":"https:\/\/www.centroculturalegiorgioambrosoli.org\/#\/schema\/logo\/image\/"},"sameAs":["https:\/\/www.facebook.com\/CentroCulturaleGiorgioAmbrosoli"]},{"@type":"Person","@id":"https:\/\/www.centroculturalegiorgioambrosoli.org\/#\/schema\/person\/9062401ed76b21e6ede37570bfb412e0","name":"Ufficio Stampa","image":{"@type":"ImageObject","inLanguage":"it-IT","@id":"https:\/\/www.centroculturalegiorgioambrosoli.org\/#\/schema\/person\/image\/","url":"https:\/\/secure.gravatar.com\/avatar\/f23ad2b42b8c2515f73b909a276b4f95?s=96&d=mm&r=g","contentUrl":"https:\/\/secure.gravatar.com\/avatar\/f23ad2b42b8c2515f73b909a276b4f95?s=96&d=mm&r=g","caption":"Ufficio Stampa"},"sameAs":["http:\/\/www.centroculturalegiorgioambrosoli.org"],"url":"https:\/\/www.centroculturalegiorgioambrosoli.org\/?author=3"}]}},"jetpack_featured_media_url":"https:\/\/www.centroculturalegiorgioambrosoli.org\/wordpress\/wp-content\/uploads\/2013\/08\/ambrosoli.jpg","jetpack_publicize_connections":[],"jetpack_sharing_enabled":true,"jetpack_shortlink":"https:\/\/wp.me\/p8xjRy-1r","_links":{"self":[{"href":"https:\/\/www.centroculturalegiorgioambrosoli.org\/index.php?rest_route=\/wp\/v2\/posts\/89"}],"collection":[{"href":"https:\/\/www.centroculturalegiorgioambrosoli.org\/index.php?rest_route=\/wp\/v2\/posts"}],"about":[{"href":"https:\/\/www.centroculturalegiorgioambrosoli.org\/index.php?rest_route=\/wp\/v2\/types\/post"}],"author":[{"embeddable":true,"href":"https:\/\/www.centroculturalegiorgioambrosoli.org\/index.php?rest_route=\/wp\/v2\/users\/3"}],"replies":[{"embeddable":true,"href":"https:\/\/www.centroculturalegiorgioambrosoli.org\/index.php?rest_route=%2Fwp%2Fv2%2Fcomments&post=89"}],"version-history":[{"count":6,"href":"https:\/\/www.centroculturalegiorgioambrosoli.org\/index.php?rest_route=\/wp\/v2\/posts\/89\/revisions"}],"predecessor-version":[{"id":894,"href":"https:\/\/www.centroculturalegiorgioambrosoli.org\/index.php?rest_route=\/wp\/v2\/posts\/89\/revisions\/894"}],"wp:featuredmedia":[{"embeddable":true,"href":"https:\/\/www.centroculturalegiorgioambrosoli.org\/index.php?rest_route=\/wp\/v2\/media\/90"}],"wp:attachment":[{"href":"https:\/\/www.centroculturalegiorgioambrosoli.org\/index.php?rest_route=%2Fwp%2Fv2%2Fmedia&parent=89"}],"wp:term":[{"taxonomy":"category","embeddable":true,"href":"https:\/\/www.centroculturalegiorgioambrosoli.org\/index.php?rest_route=%2Fwp%2Fv2%2Fcategories&post=89"},{"taxonomy":"post_tag","embeddable":true,"href":"https:\/\/www.centroculturalegiorgioambrosoli.org\/index.php?rest_route=%2Fwp%2Fv2%2Ftags&post=89"}],"curies":[{"name":"wp","href":"https:\/\/api.w.org\/{rel}","templated":true}]}}